
{"id":14453,"date":"2019-05-22T13:49:23","date_gmt":"2019-05-22T11:49:23","guid":{"rendered":"https:\/\/www.mdminteriorismo.es\/oldweb\/?p=14453"},"modified":"2021-02-15T13:12:49","modified_gmt":"2021-02-15T12:12:49","slug":"reformas-integrales-en-valencia-paso-a-paso","status":"publish","type":"post","link":"https:\/\/www.mdminteriorismo.es\/oldweb\/reformas-integrales-en-valencia-paso-a-paso\/","title":{"rendered":"\u00bfC\u00f3mo es una reforma integral paso a paso?"},"content":{"rendered":"<p>Tenlo bien claro: cualquier casa puede convertirse en el hogar de tus sue\u00f1os despu\u00e9s de pasar por una reforma integral. As\u00ed que si tienes una vivienda vieja, o una casa que no te convence, y muchas ganas de exprimir todo su potencial, has llegado al sitio oportuno. Como especialistas en <a href=\"https:\/\/www.mdminteriorismo.es\/oldweb\/reformas-integrales\/\" target=\"_blank\" rel=\"noopener noreferrer\">reformas integrales<\/a>, vamos a explicarte los pasos que a seguir para transformar tu casa en el hogar que siempre has querido disfrutar.<\/p>\n<p><!--more--><\/p>\n<h2>Reforma integral: \u00bfcon qu\u00e9 objetivo?<\/h2>\n<p>En primer lugar resulta fundamental que tengas bien claro qu\u00e9 es lo que persigues a la hora de reformar una vivienda: transformar su estructura y disposici\u00f3n actual, renovar su est\u00e9tica, adaptar la casa a una nueva necesidad\u2026 Puede parecer una tonter\u00eda, pero es importante <strong>tener claro el objetivo desde un primer momento<\/strong>, porque en funci\u00f3n de \u00e9l podremos barajar unas u otras posibilidades.<\/p>\n<p><img decoding=\"async\" class=\"alignnone wp-image-14457 size-full\" src=\"https:\/\/www.mdminteriorismo.es\/oldweb\/wp-content\/uploads\/2019\/05\/reformas_inteegrales_valencia_4.jpg\" alt=\"\u00bfC\u00f3mo es una reforma integral?\" width=\"800\" height=\"539\" srcset=\"https:\/\/www.mdminteriorismo.es\/oldweb\/wp-content\/uploads\/2019\/05\/reformas_inteegrales_valencia_4.jpg 800w, https:\/\/www.mdminteriorismo.es\/oldweb\/wp-content\/uploads\/2019\/05\/reformas_inteegrales_valencia_4-600x404.jpg 600w, https:\/\/www.mdminteriorismo.es\/oldweb\/wp-content\/uploads\/2019\/05\/reformas_inteegrales_valencia_4-300x202.jpg 300w, https:\/\/www.mdminteriorismo.es\/oldweb\/wp-content\/uploads\/2019\/05\/reformas_inteegrales_valencia_4-768x517.jpg 768w\" sizes=\"(max-width: 800px) 100vw, 800px\" \/><\/p>\n<p>&nbsp;<\/p>\n<h2>\u00bfCual es el presupuesto para tu reforma?<\/h2>\n<p>Cuando tengamos claro el objetivo, llega el momento de establecer un <strong>presupuesto para la reforma<\/strong>. \u00bfCu\u00e1nto dinero est\u00e1s dispuesto a gastarte en la transformaci\u00f3n de tu casa? De esta cifra depender\u00e1 la calidad de los materiales, los diferentes acabados, y las distintas posibilidades que te presentar\u00e1 la empresa de reformas con la que lo vayas a consultar.<\/p>\n<p><img decoding=\"async\" class=\"alignnone wp-image-14458 size-full\" src=\"https:\/\/www.mdminteriorismo.es\/oldweb\/wp-content\/uploads\/2019\/05\/reformas_integrales_valencia_8.jpg\" alt=\"\u00bfC\u00f3mo es una reforma integral paso a paso?\" width=\"800\" height=\"600\" srcset=\"https:\/\/www.mdminteriorismo.es\/oldweb\/wp-content\/uploads\/2019\/05\/reformas_integrales_valencia_8.jpg 800w, https:\/\/www.mdminteriorismo.es\/oldweb\/wp-content\/uploads\/2019\/05\/reformas_integrales_valencia_8-600x450.jpg 600w, https:\/\/www.mdminteriorismo.es\/oldweb\/wp-content\/uploads\/2019\/05\/reformas_integrales_valencia_8-300x225.jpg 300w, https:\/\/www.mdminteriorismo.es\/oldweb\/wp-content\/uploads\/2019\/05\/reformas_integrales_valencia_8-768x576.jpg 768w\" sizes=\"(max-width: 800px) 100vw, 800px\" \/><\/p>\n<p>&nbsp;<\/p>\n<h2>Contacta con una empresa de reformas integrales cerca de ti<\/h2>\n<p>Con el objetivo y el presupuesto para tu reforma bien claros, ya solo tienes que ponerte en contacto con una <strong>empresa de reformas en Valencia<\/strong> que pueda llevarla a cabo. En<a href=\"https:\/\/www.mdminteriorismo.es\/oldweb\/\" target=\"_blank\" rel=\"noopener noreferrer\"> MDM Interiorismo<\/a> somos profesionales con 30 a\u00f1os de experiencia. Hemos transformado con \u00e9xito decenas de viviendas en la Comunidad Valenciana, y entre nuestros \u00faltimos trabajos se encuentran proyectos para reformar viviendas ubicadas en zonas como <a href=\"https:\/\/www.mdminteriorismo.es\/oldweb\/proyecto-interiorismo-valencia-torres-de-quart\/\" target=\"_blank\" rel=\"noopener noreferrer\">Torres de Quart<\/a> y Ciutat Vella.<\/p>\n<p>&nbsp;<\/p>\n<p>&nbsp;<\/p>\n<p><img decoding=\"async\" class=\"alignnone wp-image-14461 size-full\" src=\"https:\/\/www.mdminteriorismo.es\/oldweb\/wp-content\/uploads\/2019\/05\/reformas_integrales_valencia_10.jpg\" alt=\"Especialistas en reformas integrales en Valencia\" width=\"800\" height=\"600\" srcset=\"https:\/\/www.mdminteriorismo.es\/oldweb\/wp-content\/uploads\/2019\/05\/reformas_integrales_valencia_10.jpg 800w, https:\/\/www.mdminteriorismo.es\/oldweb\/wp-content\/uploads\/2019\/05\/reformas_integrales_valencia_10-600x450.jpg 600w, https:\/\/www.mdminteriorismo.es\/oldweb\/wp-content\/uploads\/2019\/05\/reformas_integrales_valencia_10-300x225.jpg 300w, https:\/\/www.mdminteriorismo.es\/oldweb\/wp-content\/uploads\/2019\/05\/reformas_integrales_valencia_10-768x576.jpg 768w\" sizes=\"(max-width: 800px) 100vw, 800px\" \/><\/p>\n<p><img decoding=\"async\" class=\"alignnone wp-image-14462 size-full\" src=\"https:\/\/www.mdminteriorismo.es\/oldweb\/wp-content\/uploads\/2019\/05\/reformas_integrales_valencia_11.jpg\" alt=\"Reforma de piso integral\" width=\"800\" height=\"513\" srcset=\"https:\/\/www.mdminteriorismo.es\/oldweb\/wp-content\/uploads\/2019\/05\/reformas_integrales_valencia_11.jpg 800w, https:\/\/www.mdminteriorismo.es\/oldweb\/wp-content\/uploads\/2019\/05\/reformas_integrales_valencia_11-600x385.jpg 600w, https:\/\/www.mdminteriorismo.es\/oldweb\/wp-content\/uploads\/2019\/05\/reformas_integrales_valencia_11-300x192.jpg 300w, https:\/\/www.mdminteriorismo.es\/oldweb\/wp-content\/uploads\/2019\/05\/reformas_integrales_valencia_11-768x492.jpg 768w\" sizes=\"(max-width: 800px) 100vw, 800px\" \/><\/p>\n<p>&nbsp;<\/p>\n<h2>\u00bfCu\u00e1nto cuesta una reforma integral?<\/h2>\n<p>El <strong>precio<\/strong> de las <strong>reformas integrales en Valencia<\/strong> va a depender del tipo de obras que haya que efectuar para conseguir la vivienda que buscas, de la calidad de los materiales que se vayan a emplear, del precio de la mano de obra y del tipo de licencia de obra que vayamos a necesitar, llegado el caso. Seg\u00fan nuestra experiencia, el coste de una reforma integral en Valencia suele oscilar <strong>entre los 500 y los 700 euros por metro cuadrado<\/strong>, hasta el precio m\u00e1ximo que est\u00e9 dispuesto a gastar cada cliente en funci\u00f3n de las calidades.<\/p>\n<p><img decoding=\"async\" class=\"alignnone wp-image-14463 size-full\" src=\"https:\/\/www.mdminteriorismo.es\/oldweb\/wp-content\/uploads\/2019\/05\/reformas_integrales_valencia_6.jpg\" alt=\"\u00bfCu\u00e1nto cuesta una reforma integral?\" width=\"800\" height=\"530\" srcset=\"https:\/\/www.mdminteriorismo.es\/oldweb\/wp-content\/uploads\/2019\/05\/reformas_integrales_valencia_6.jpg 800w, https:\/\/www.mdminteriorismo.es\/oldweb\/wp-content\/uploads\/2019\/05\/reformas_integrales_valencia_6-600x398.jpg 600w, https:\/\/www.mdminteriorismo.es\/oldweb\/wp-content\/uploads\/2019\/05\/reformas_integrales_valencia_6-300x199.jpg 300w, https:\/\/www.mdminteriorismo.es\/oldweb\/wp-content\/uploads\/2019\/05\/reformas_integrales_valencia_6-768x509.jpg 768w\" sizes=\"(max-width: 800px) 100vw, 800px\" \/><\/p>\n<p>&nbsp;<\/p>\n","protected":false},"excerpt":{"rendered":"<p>Tenlo bien claro: cualquier casa puede convertirse en el hogar de tus sue\u00f1os despu\u00e9s de pasar por una reforma integral. <a class=\"tzreadmore simple-ajax-popup-align-top\" href=\"https:\/\/www.mdminteriorismo.es\/oldweb\/reformas-integrales-en-valencia-paso-a-paso\/\">Read More<\/a><\/p>\n","protected":false},"author":3,"featured_media":14465,"comment_status":"open","ping_status":"open","sticky":false,"template":"","format":"standard","meta":[],"categories":[79],"tags":[138],"_links":{"self":[{"href":"https:\/\/www.mdminteriorismo.es\/oldweb\/wp-json\/wp\/v2\/posts\/14453"}],"collection":[{"href":"https:\/\/www.mdminteriorismo.es\/oldweb\/wp-json\/wp\/v2\/posts"}],"about":[{"href":"https:\/\/www.mdminteriorismo.es\/oldweb\/wp-json\/wp\/v2\/types\/post"}],"author":[{"embeddable":true,"href":"https:\/\/www.mdminteriorismo.es\/oldweb\/wp-json\/wp\/v2\/users\/3"}],"replies":[{"embeddable":true,"href":"https:\/\/www.mdminteriorismo.es\/oldweb\/wp-json\/wp\/v2\/comments?post=14453"}],"version-history":[{"count":0,"href":"https:\/\/www.mdminteriorismo.es\/oldweb\/wp-json\/wp\/v2\/posts\/14453\/revisions"}],"wp:featuredmedia":[{"embeddable":true,"href":"https:\/\/www.mdminteriorismo.es\/oldweb\/wp-json\/wp\/v2\/media\/14465"}],"wp:attachment":[{"href":"https:\/\/www.mdminteriorismo.es\/oldweb\/wp-json\/wp\/v2\/media?parent=14453"}],"wp:term":[{"taxonomy":"category","embeddable":true,"href":"https:\/\/www.mdminteriorismo.es\/oldweb\/wp-json\/wp\/v2\/categories?post=14453"},{"taxonomy":"post_tag","embeddable":true,"href":"https:\/\/www.mdminteriorismo.es\/oldweb\/wp-json\/wp\/v2\/tags?post=14453"}],"curies":[{"name":"wp","href":"https:\/\/api.w.org\/{rel}","templated":true}]}}